{"id":785,"date":"2013-10-31T19:39:38","date_gmt":"2013-10-31T19:39:38","guid":{"rendered":"http:\/\/thinktosell.org\/?p=785"},"modified":"2025-02-12T20:33:21","modified_gmt":"2025-02-13T01:33:21","slug":"la-republica-antonio-maria-diaz","status":"publish","type":"post","link":"https:\/\/thinktosell.com\/index.php\/2013\/10\/31\/la-republica-antonio-maria-diaz\/","title":{"rendered":"LA REPUBLICA, Antonio Mar\u00eda D\u00edaz"},"content":{"rendered":"\n<figure class=\"wp-block-image size-full\"><img decoding=\"async\" width=\"1272\" height=\"734\" src=\"https:\/\/thinktosell.com\/wp-content\/uploads\/2024\/03\/DIARIO-LA-REPUBLICA-ANTONIO-DIAZ-2014.png\" alt=\"\" class=\"wp-image-1290\" srcset=\"https:\/\/thinktosell.com\/wp-content\/uploads\/2024\/03\/DIARIO-LA-REPUBLICA-ANTONIO-DIAZ-2014.png 1272w, https:\/\/thinktosell.com\/wp-content\/uploads\/2024\/03\/DIARIO-LA-REPUBLICA-ANTONIO-DIAZ-2014-500x289.png 500w, https:\/\/thinktosell.com\/wp-content\/uploads\/2024\/03\/DIARIO-LA-REPUBLICA-ANTONIO-DIAZ-2014-1200x692.png 1200w, https:\/\/thinktosell.com\/wp-content\/uploads\/2024\/03\/DIARIO-LA-REPUBLICA-ANTONIO-DIAZ-2014-300x173.png 300w, https:\/\/thinktosell.com\/wp-content\/uploads\/2024\/03\/DIARIO-LA-REPUBLICA-ANTONIO-DIAZ-2014-768x443.png 768w, https:\/\/thinktosell.com\/wp-content\/uploads\/2024\/03\/DIARIO-LA-REPUBLICA-ANTONIO-DIAZ-2014-130x75.png 130w, https:\/\/thinktosell.com\/wp-content\/uploads\/2024\/03\/DIARIO-LA-REPUBLICA-ANTONIO-DIAZ-2014-480x277.png 480w\" sizes=\"(max-width:767px) 480px, (max-width:1272px) 100vw, 1272px\" \/><\/figure>\n\n\n\n<p><\/p>\n\n\n\n<p>Entrevista a Antonio Mar\u00eda D\u00edaz Arz, CEO Opener.Co, para el Diario la Republica, Colombia,&nbsp;octubre 2013<\/p>\n\n\n\n<p>Ver nota completa:&nbsp;<a href=\"http:\/\/www.larepublica.co\/emprendedores\/el-\u00e9xito-de-los-negocios-ahora-est\u00e1-en-la-red_69711\">http:\/\/www.larepublica.co\/emprendedores\/el-\u00e9xito-de-los-negocios-ahora-est\u00e1-en-la-red_69711<\/a><\/p>\n\n\n\n<p><strong style=\"color: #72726f;\">Ernesto Rodr\u00edguez Uribe<\/strong><br style=\"color: #72726f;\"><span style=\"color: #72726f;\">erodriguez@larepublica.com.co<\/span><br style=\"color: #72726f;\"><span style=\"color: #72726f;\">Larepublica.co<\/span><br style=\"color: #72726f;\"><strong style=\"color: #72726f;\">Reproducida de la&nbsp;<a style=\"color: #188d3d;\" href=\"http:\/\/www.larepublica.co\/emprendedores\/el-\u00e9xito-de-los-negocios-ahora-est\u00e1-en-la-red_69711\">nota publicada<\/a>&nbsp;el 11de octubre 2013&nbsp;en dicho medio.<\/strong><\/p>\n\n\n\n<p><strong>Antonio Mar\u00eda D\u00edaz Arz&nbsp;<\/strong><\/p>\n\n\n\n<hr class=\"wp-block-separator has-alpha-channel-opacity\"\/>\n\n\n\n<p>&nbsp;<\/p>\n\n\n\n<h3 class=\"wp-block-heading widget-title\"><br><script>\/\/ <![CDATA[\njQuery(\".sfsi_widget\").each(function( index ) { \t\t\t\t\tif(jQuery(this).attr(\"data-position\") == \"widget\") \t\t\t\t\t{ \t\t\t\t\t\tvar wdgt_hght = jQuery(this).children(\".norm_row.sfsi_wDiv\").height(); \t\t\t\t\t\tvar title_hght = jQuery(this).parent(\".widget.sfsi\").children(\".widget-title\").height(); \t\t\t\t\t\tvar totl_hght = parseInt( title_hght ) + parseInt( wdgt_hght ); \t\t\t\t\t\tjQuery(this).parent(\".widget.sfsi\").css(\"min-height\", totl_hght+\"px\"); \t\t\t\t\t} \t\t\t\t});\n\/\/ ]]><\/script><\/h3>\n","protected":false},"excerpt":{"rendered":"<p>Entrevista a Antonio Mar\u00eda D\u00edaz Arz, CEO Opener.Co, para el Diario la Republica, Colombia,&nbsp;octubre 2013 Ver nota completa:&nbsp;http:\/\/www.larepublica.co\/emprendedores\/el-\u00e9xito-de-los-negocios-ahora-est\u00e1-en-la-red_69711 Ernesto Rodr\u00edguez Uribeerodriguez@larepublica.com.coLarepublica.coReproducida de la&nbsp;nota publicada&nbsp;el 11de octubre<span class=\"excerpt-hellip\"> [\u2026]<\/span><\/p>\n","protected":false},"author":2,"featured_media":0,"comment_status":"open","ping_status":"open","sticky":false,"template":"","format":"standard","meta":{"content-type":"","_monsterinsights_skip_tracking":false,"_monsterinsights_sitenote_active":false,"_monsterinsights_sitenote_note":"","_monsterinsights_sitenote_category":0,"_jetpack_memberships_contains_paid_content":false,"footnotes":""},"categories":[8,9,10],"tags":[],"class_list":["post-785","post","type-post","status-publish","format-standard","hentry","category-interviewsentrevistas","category-prensa-press","category-printed-press-prensa-impresa"],"aioseo_notices":[],"jetpack_featured_media_url":"","jetpack_sharing_enabled":true,"_links":{"self":[{"href":"https:\/\/thinktosell.com\/index.php\/wp-json\/wp\/v2\/posts\/785","targetHints":{"allow":["GET"]}}],"collection":[{"href":"https:\/\/thinktosell.com\/index.php\/wp-json\/wp\/v2\/posts"}],"about":[{"href":"https:\/\/thinktosell.com\/index.php\/wp-json\/wp\/v2\/types\/post"}],"author":[{"embeddable":true,"href":"https:\/\/thinktosell.com\/index.php\/wp-json\/wp\/v2\/users\/2"}],"replies":[{"embeddable":true,"href":"https:\/\/thinktosell.com\/index.php\/wp-json\/wp\/v2\/comments?post=785"}],"version-history":[{"count":2,"href":"https:\/\/thinktosell.com\/index.php\/wp-json\/wp\/v2\/posts\/785\/revisions"}],"predecessor-version":[{"id":1564,"href":"https:\/\/thinktosell.com\/index.php\/wp-json\/wp\/v2\/posts\/785\/revisions\/1564"}],"wp:attachment":[{"href":"https:\/\/thinktosell.com\/index.php\/wp-json\/wp\/v2\/media?parent=785"}],"wp:term":[{"taxonomy":"category","embeddable":true,"href":"https:\/\/thinktosell.com\/index.php\/wp-json\/wp\/v2\/categories?post=785"},{"taxonomy":"post_tag","embeddable":true,"href":"https:\/\/thinktosell.com\/index.php\/wp-json\/wp\/v2\/tags?post=785"}],"curies":[{"name":"wp","href":"https:\/\/api.w.org\/{rel}","templated":true}]}}